{"id":7935,"date":"2024-08-06T10:57:34","date_gmt":"2024-08-06T08:57:34","guid":{"rendered":"https:\/\/itsmybike.com\/fiets-in-beslag-genomen-in-polen-gps-tracker-spoort-dieven-op\/"},"modified":"2024-08-15T11:16:16","modified_gmt":"2024-08-15T09:16:16","slug":"fiets-in-beslag-genomen-in-polen-gps-tracker-spoort-dieven-op","status":"publish","type":"post","link":"https:\/\/itsmybike.com\/nl\/fiets-in-beslag-genomen-in-polen-gps-tracker-spoort-dieven-op\/","title":{"rendered":"Fiets in beslag genomen in Polen: GPS-tracker spoort dieven op"},"content":{"rendered":"<div class=\"wpb-content-wrapper\"><p>[vc_row el_class=&#8221;blogpost-imb&#8221;][vc_column]<div id=\"ultimate-heading-435569f2ff005372e\" class=\"uvc-heading ult-adjust-bottom-margin ultimate-heading-435569f2ff005372e uvc-9814 \" data-hspacer=\"no_spacer\"  data-halign=\"left\" style=\"text-align:left\"><div class=\"uvc-heading-spacer no_spacer\" style=\"top\"><\/div><div class=\"uvc-main-heading ult-responsive\"  data-ultimate-target='.uvc-heading.ultimate-heading-435569f2ff005372e h2'  data-responsive-json-new='{\"font-size\":\"desktop:45px;tablet:40px;tablet_portrait:40px;mobile_landscape:30px;mobile:25px;\",\"line-height\":\"\"}' ><h2 style=\"--font-weight:theme;color:#fdc300;margin-bottom:30px;\">Fiets in beslag genomen in Polen: GPS-tracker spoort dieven op<\/h2><\/div><\/div>[vc_column_text css=&#8221;.vc_custom_1722237235484{padding-bottom: 20px !important;}&#8221; el_class=&#8221;teaser-imb&#8221;]<\/p>\n<p style=\"font-weight: 400;\">Op 25 juni merkt George A.* rond het middaguur dat zijn e-bike ten westen van Cottbus, in Kolkwitz, is gestolen. Hij meldt de diefstal onmiddellijk via de IT\u2019S MY BIKE-app &#8211; de achtervolging begint.<\/p>\n<p>[\/vc_column_text][vc_column_text css=&#8221;&#8221;]<\/p>\n<p style=\"font-weight: 400;\">In de vroege ochtend van 25 juni 2024, om exact 05.15 uur, wordt de fiets van George A.* gestolen in Kolkwitz, ten westen van Cottbus.<\/p>\n<p style=\"font-weight: 400;\">De daders rijden weg van de plaats van het misdrijf met een opvallend hoge snelheid van 56 km\/u, wat erop wijst dat de fiets in een voertuig wordt vervoerd. Ze rijden eerst het centrum van Cottbus in, maar keren dan om en rijden terug naar de buurt waar het misdrijf is gepleegd voordat ze richting de snelweg gaan. Via de A15 bij het knooppunt Cottbus-West rijden ze uiteindelijk in de richting van de Poolse grens naar Forst Lausitz en verlaten de snelweg rond 05.45 uur.<\/p>\n<p style=\"font-weight: 400;\">Ze steken de grens over om ongeveer 6 uur &#8216;s ochtends en stoppen in Lubsko in Polen. Het voertuig blijft daar ongeveer twee uur staan tot het weer in beweging komt en uiteindelijk een stad verderop, in Jasie\u0144, tot stilstand komt. Ongeveer een uur later, om 09.17 uur, zet de fiets zich weer in beweging. Het voertuig parkeert eerst bij een benzinestation. Na een pauze tot 10.18 uur rijdt het verder en stopt weer om 10.40 uur in Bia\u0142k\u00f3w, ongeveer 70 kilometer ten noorden van Lubsko en Jasie\u0144.<\/p>\n<p style=\"font-weight: 400;\">Pas om 13.37 uur merkt George A.* de diefstal op. Hij waarschuwt onmiddellijk het Bike Hunter team van IT&#8217;S MY BIKE en de politie, die dankzij een ingeboude GPS-tracker in de e-bike direct op zoek kunnen gaan.<\/p>\n<p style=\"font-weight: 400;\">Hoewel de Poolse politie na de eerste melding ter plaatse komt, kan ze de fiets in eerste instantie niet vinden. Maar rond 19.30 uur zet de fiets zich weer in beweging. De bevoegde autoriteiten in Polen worden onmiddellijk op de hoogte gebracht door een politieagent uit Cottbus. Dankzij de snelle reactie en een effici\u00ebnte co\u00f6rdinatie slaagt de Poolse politie er uiteindelijk in om de gestolen fiets terug te vinden.<\/p>\n<p style=\"font-weight: 400;\">\n<p style=\"font-weight: 400;\">*Naam door de redactie gewijzigd<\/p>\n<p style=\"font-weight: 400;\">Foto als voorbeeld: Adobe Stock<\/p>\n<p style=\"font-weight: 400;\">\n<p>[\/vc_column_text][\/vc_column][\/vc_row][vc_row][vc_column][vc_separator color=&#8221;custom&#8221; style=&#8221;dotted&#8221; css=&#8221;.vc_custom_1581002136101{padding-top: 100px !important;padding-bottom: 30px !important;}&#8221; accent_color=&#8221;#fdc300&#8243;][vc_column_text css=&#8221;.vc_custom_1605709596292{padding-bottom: 30px !important;}&#8221; el_class=&#8221;media-kontakt&#8221;]<a href=\"https:\/\/itsmybike.com\/nl\/team\/\">Naar het bedrijfsprofiel van IT\u2019S MY BIKE\u00a0<\/a><\/p>\n<p>[\/vc_column_text][\/vc_column][\/vc_row]<\/p>\n<\/div>","protected":false},"excerpt":{"rendered":"<p>Eind juni merkt George A.* rond het middaguur dat zijn e-bike ten westen van Cottbus is gestolen. Hij meldt de diefstal onmiddellijk via de IT\u2019S MY BIKE-app.<\/p>\n","protected":false},"author":11,"featured_media":7908,"comment_status":"closed","ping_status":"open","sticky":false,"template":"","format":"standard","meta":{"inline_featured_image":false,"footnotes":""},"categories":[39],"tags":[],"class_list":["post-7935","post","type-post","status-publish","format-standard","has-post-thumbnail","hentry","category-succesverhalen","category-39","description-off"],"yoast_head":"<!-- This site is optimized with the Yoast SEO plugin v27.5 - https:\/\/yoast.com\/product\/yoast-seo-wordpress\/ -->\n<title>Fiets in beslag genomen in Polen: GPS-tracker spoort dieven op &#8211; IT&#039;S MY BIKE<\/title>\n<meta name=\"description\" content=\"Gestolen e-bike dankzij IT\u2019S MY BIKE in Polen teruggevonden.\" \/>\n<meta name=\"robots\" content=\"index, follow, max-snippet:-1, max-image-preview:large, max-video-preview:-1\" \/>\n<link rel=\"canonical\" href=\"https:\/\/itsmybike.com\/nl\/fiets-in-beslag-genomen-in-polen-gps-tracker-spoort-dieven-op\/\" \/>\n<meta property=\"og:locale\" content=\"nl_NL\" \/>\n<meta property=\"og:type\" content=\"article\" \/>\n<meta property=\"og:title\" content=\"Fiets in beslag genomen in Polen: GPS-tracker spoort dieven op &#8211; IT&#039;S MY BIKE\" \/>\n<meta property=\"og:description\" content=\"Gestolen e-bike dankzij IT\u2019S MY BIKE in Polen teruggevonden.\" \/>\n<meta property=\"og:url\" content=\"https:\/\/itsmybike.com\/nl\/fiets-in-beslag-genomen-in-polen-gps-tracker-spoort-dieven-op\/\" \/>\n<meta property=\"og:site_name\" content=\"IT&#039;S MY BIKE\" \/>\n<meta property=\"article:publisher\" content=\"https:\/\/www.facebook.com\/itsmybike.de\/\" \/>\n<meta property=\"article:published_time\" content=\"2024-08-06T08:57:34+00:00\" \/>\n<meta property=\"article:modified_time\" content=\"2024-08-15T09:16:16+00:00\" \/>\n<meta property=\"og:image\" content=\"https:\/\/itsmybike.com\/wp-content\/uploads\/2024\/07\/451446897_1763928217474090_3419385603242165380_n.jpg\" \/>\n\t<meta property=\"og:image:width\" content=\"600\" \/>\n\t<meta property=\"og:image:height\" content=\"400\" \/>\n\t<meta property=\"og:image:type\" content=\"image\/jpeg\" \/>\n<meta name=\"author\" content=\"Erja Veith\" \/>\n<meta name=\"twitter:card\" content=\"summary_large_image\" \/>\n<meta name=\"twitter:label1\" content=\"Geschreven door\" \/>\n\t<meta name=\"twitter:data1\" content=\"Erja Veith\" \/>\n\t<meta name=\"twitter:label2\" content=\"Geschatte leestijd\" \/>\n\t<meta name=\"twitter:data2\" content=\"2 minuten\" \/>\n<script type=\"application\/ld+json\" class=\"yoast-schema-graph\">{\"@context\":\"https:\\\/\\\/schema.org\",\"@graph\":[{\"@type\":\"Article\",\"@id\":\"https:\\\/\\\/itsmybike.com\\\/nl\\\/fiets-in-beslag-genomen-in-polen-gps-tracker-spoort-dieven-op\\\/#article\",\"isPartOf\":{\"@id\":\"https:\\\/\\\/itsmybike.com\\\/nl\\\/fiets-in-beslag-genomen-in-polen-gps-tracker-spoort-dieven-op\\\/\"},\"author\":{\"name\":\"Erja Veith\",\"@id\":\"https:\\\/\\\/itsmybike.com\\\/nl\\\/#\\\/schema\\\/person\\\/38e5cf9442035c0365b7186a0ced8920\"},\"headline\":\"Fiets in beslag genomen in Polen: GPS-tracker spoort dieven op\",\"datePublished\":\"2024-08-06T08:57:34+00:00\",\"dateModified\":\"2024-08-15T09:16:16+00:00\",\"mainEntityOfPage\":{\"@id\":\"https:\\\/\\\/itsmybike.com\\\/nl\\\/fiets-in-beslag-genomen-in-polen-gps-tracker-spoort-dieven-op\\\/\"},\"wordCount\":491,\"publisher\":{\"@id\":\"https:\\\/\\\/itsmybike.com\\\/nl\\\/#organization\"},\"image\":{\"@id\":\"https:\\\/\\\/itsmybike.com\\\/nl\\\/fiets-in-beslag-genomen-in-polen-gps-tracker-spoort-dieven-op\\\/#primaryimage\"},\"thumbnailUrl\":\"https:\\\/\\\/itsmybike.com\\\/wp-content\\\/uploads\\\/2024\\\/07\\\/451446897_1763928217474090_3419385603242165380_n.jpg\",\"articleSection\":[\"Succesverhalen\"],\"inLanguage\":\"nl-NL\"},{\"@type\":\"WebPage\",\"@id\":\"https:\\\/\\\/itsmybike.com\\\/nl\\\/fiets-in-beslag-genomen-in-polen-gps-tracker-spoort-dieven-op\\\/\",\"url\":\"https:\\\/\\\/itsmybike.com\\\/nl\\\/fiets-in-beslag-genomen-in-polen-gps-tracker-spoort-dieven-op\\\/\",\"name\":\"Fiets in beslag genomen in Polen: GPS-tracker spoort dieven op &#8211; IT&#039;S MY BIKE\",\"isPartOf\":{\"@id\":\"https:\\\/\\\/itsmybike.com\\\/nl\\\/#website\"},\"primaryImageOfPage\":{\"@id\":\"https:\\\/\\\/itsmybike.com\\\/nl\\\/fiets-in-beslag-genomen-in-polen-gps-tracker-spoort-dieven-op\\\/#primaryimage\"},\"image\":{\"@id\":\"https:\\\/\\\/itsmybike.com\\\/nl\\\/fiets-in-beslag-genomen-in-polen-gps-tracker-spoort-dieven-op\\\/#primaryimage\"},\"thumbnailUrl\":\"https:\\\/\\\/itsmybike.com\\\/wp-content\\\/uploads\\\/2024\\\/07\\\/451446897_1763928217474090_3419385603242165380_n.jpg\",\"datePublished\":\"2024-08-06T08:57:34+00:00\",\"dateModified\":\"2024-08-15T09:16:16+00:00\",\"description\":\"Gestolen e-bike dankzij IT\u2019S MY BIKE in Polen teruggevonden.\",\"breadcrumb\":{\"@id\":\"https:\\\/\\\/itsmybike.com\\\/nl\\\/fiets-in-beslag-genomen-in-polen-gps-tracker-spoort-dieven-op\\\/#breadcrumb\"},\"inLanguage\":\"nl-NL\",\"potentialAction\":[{\"@type\":\"ReadAction\",\"target\":[\"https:\\\/\\\/itsmybike.com\\\/nl\\\/fiets-in-beslag-genomen-in-polen-gps-tracker-spoort-dieven-op\\\/\"]}]},{\"@type\":\"ImageObject\",\"inLanguage\":\"nl-NL\",\"@id\":\"https:\\\/\\\/itsmybike.com\\\/nl\\\/fiets-in-beslag-genomen-in-polen-gps-tracker-spoort-dieven-op\\\/#primaryimage\",\"url\":\"https:\\\/\\\/itsmybike.com\\\/wp-content\\\/uploads\\\/2024\\\/07\\\/451446897_1763928217474090_3419385603242165380_n.jpg\",\"contentUrl\":\"https:\\\/\\\/itsmybike.com\\\/wp-content\\\/uploads\\\/2024\\\/07\\\/451446897_1763928217474090_3419385603242165380_n.jpg\",\"width\":600,\"height\":400},{\"@type\":\"BreadcrumbList\",\"@id\":\"https:\\\/\\\/itsmybike.com\\\/nl\\\/fiets-in-beslag-genomen-in-polen-gps-tracker-spoort-dieven-op\\\/#breadcrumb\",\"itemListElement\":[{\"@type\":\"ListItem\",\"position\":1,\"name\":\"Startseite\",\"item\":\"https:\\\/\\\/itsmybike.com\\\/nl\\\/\"},{\"@type\":\"ListItem\",\"position\":2,\"name\":\"Fiets in beslag genomen in Polen: GPS-tracker spoort dieven op\"}]},{\"@type\":\"WebSite\",\"@id\":\"https:\\\/\\\/itsmybike.com\\\/nl\\\/#website\",\"url\":\"https:\\\/\\\/itsmybike.com\\\/nl\\\/\",\"name\":\"IT&#039;S MY BIKE\",\"description\":\"Track and Protect\",\"publisher\":{\"@id\":\"https:\\\/\\\/itsmybike.com\\\/nl\\\/#organization\"},\"potentialAction\":[{\"@type\":\"SearchAction\",\"target\":{\"@type\":\"EntryPoint\",\"urlTemplate\":\"https:\\\/\\\/itsmybike.com\\\/nl\\\/?s={search_term_string}\"},\"query-input\":{\"@type\":\"PropertyValueSpecification\",\"valueRequired\":true,\"valueName\":\"search_term_string\"}}],\"inLanguage\":\"nl-NL\"},{\"@type\":\"Organization\",\"@id\":\"https:\\\/\\\/itsmybike.com\\\/nl\\\/#organization\",\"name\":\"IT'S MY BIKE\",\"url\":\"https:\\\/\\\/itsmybike.com\\\/nl\\\/\",\"logo\":{\"@type\":\"ImageObject\",\"inLanguage\":\"nl-NL\",\"@id\":\"https:\\\/\\\/itsmybike.com\\\/nl\\\/#\\\/schema\\\/logo\\\/image\\\/\",\"url\":\"https:\\\/\\\/itsmybike.com\\\/wp-content\\\/uploads\\\/2019\\\/05\\\/IMB_logo-@1x-1.png\",\"contentUrl\":\"https:\\\/\\\/itsmybike.com\\\/wp-content\\\/uploads\\\/2019\\\/05\\\/IMB_logo-@1x-1.png\",\"width\":281,\"height\":140,\"caption\":\"IT'S MY BIKE\"},\"image\":{\"@id\":\"https:\\\/\\\/itsmybike.com\\\/nl\\\/#\\\/schema\\\/logo\\\/image\\\/\"},\"sameAs\":[\"https:\\\/\\\/www.facebook.com\\\/itsmybike.de\\\/\",\"https:\\\/\\\/www.youtube.com\\\/watch?v=Dfj-yYhbvSE\"]},{\"@type\":\"Person\",\"@id\":\"https:\\\/\\\/itsmybike.com\\\/nl\\\/#\\\/schema\\\/person\\\/38e5cf9442035c0365b7186a0ced8920\",\"name\":\"Erja Veith\",\"image\":{\"@type\":\"ImageObject\",\"inLanguage\":\"nl-NL\",\"@id\":\"https:\\\/\\\/secure.gravatar.com\\\/avatar\\\/f1caf2f274b7e1176a171c821d7b9ddc97ebc91967e61f88f251b557ae33d437?s=96&d=mm&r=g\",\"url\":\"https:\\\/\\\/secure.gravatar.com\\\/avatar\\\/f1caf2f274b7e1176a171c821d7b9ddc97ebc91967e61f88f251b557ae33d437?s=96&d=mm&r=g\",\"contentUrl\":\"https:\\\/\\\/secure.gravatar.com\\\/avatar\\\/f1caf2f274b7e1176a171c821d7b9ddc97ebc91967e61f88f251b557ae33d437?s=96&d=mm&r=g\",\"caption\":\"Erja Veith\"}}]}<\/script>\n<!-- \/ Yoast SEO plugin. -->","yoast_head_json":{"title":"Fiets in beslag genomen in Polen: GPS-tracker spoort dieven op &#8211; IT&#039;S MY BIKE","description":"Gestolen e-bike dankzij IT\u2019S MY BIKE in Polen teruggevonden.","robots":{"index":"index","follow":"follow","max-snippet":"max-snippet:-1","max-image-preview":"max-image-preview:large","max-video-preview":"max-video-preview:-1"},"canonical":"https:\/\/itsmybike.com\/nl\/fiets-in-beslag-genomen-in-polen-gps-tracker-spoort-dieven-op\/","og_locale":"nl_NL","og_type":"article","og_title":"Fiets in beslag genomen in Polen: GPS-tracker spoort dieven op &#8211; IT&#039;S MY BIKE","og_description":"Gestolen e-bike dankzij IT\u2019S MY BIKE in Polen teruggevonden.","og_url":"https:\/\/itsmybike.com\/nl\/fiets-in-beslag-genomen-in-polen-gps-tracker-spoort-dieven-op\/","og_site_name":"IT&#039;S MY BIKE","article_publisher":"https:\/\/www.facebook.com\/itsmybike.de\/","article_published_time":"2024-08-06T08:57:34+00:00","article_modified_time":"2024-08-15T09:16:16+00:00","og_image":[{"width":600,"height":400,"url":"https:\/\/itsmybike.com\/wp-content\/uploads\/2024\/07\/451446897_1763928217474090_3419385603242165380_n.jpg","type":"image\/jpeg"}],"author":"Erja Veith","twitter_card":"summary_large_image","twitter_misc":{"Geschreven door":"Erja Veith","Geschatte leestijd":"2 minuten"},"schema":{"@context":"https:\/\/schema.org","@graph":[{"@type":"Article","@id":"https:\/\/itsmybike.com\/nl\/fiets-in-beslag-genomen-in-polen-gps-tracker-spoort-dieven-op\/#article","isPartOf":{"@id":"https:\/\/itsmybike.com\/nl\/fiets-in-beslag-genomen-in-polen-gps-tracker-spoort-dieven-op\/"},"author":{"name":"Erja Veith","@id":"https:\/\/itsmybike.com\/nl\/#\/schema\/person\/38e5cf9442035c0365b7186a0ced8920"},"headline":"Fiets in beslag genomen in Polen: GPS-tracker spoort dieven op","datePublished":"2024-08-06T08:57:34+00:00","dateModified":"2024-08-15T09:16:16+00:00","mainEntityOfPage":{"@id":"https:\/\/itsmybike.com\/nl\/fiets-in-beslag-genomen-in-polen-gps-tracker-spoort-dieven-op\/"},"wordCount":491,"publisher":{"@id":"https:\/\/itsmybike.com\/nl\/#organization"},"image":{"@id":"https:\/\/itsmybike.com\/nl\/fiets-in-beslag-genomen-in-polen-gps-tracker-spoort-dieven-op\/#primaryimage"},"thumbnailUrl":"https:\/\/itsmybike.com\/wp-content\/uploads\/2024\/07\/451446897_1763928217474090_3419385603242165380_n.jpg","articleSection":["Succesverhalen"],"inLanguage":"nl-NL"},{"@type":"WebPage","@id":"https:\/\/itsmybike.com\/nl\/fiets-in-beslag-genomen-in-polen-gps-tracker-spoort-dieven-op\/","url":"https:\/\/itsmybike.com\/nl\/fiets-in-beslag-genomen-in-polen-gps-tracker-spoort-dieven-op\/","name":"Fiets in beslag genomen in Polen: GPS-tracker spoort dieven op &#8211; IT&#039;S MY BIKE","isPartOf":{"@id":"https:\/\/itsmybike.com\/nl\/#website"},"primaryImageOfPage":{"@id":"https:\/\/itsmybike.com\/nl\/fiets-in-beslag-genomen-in-polen-gps-tracker-spoort-dieven-op\/#primaryimage"},"image":{"@id":"https:\/\/itsmybike.com\/nl\/fiets-in-beslag-genomen-in-polen-gps-tracker-spoort-dieven-op\/#primaryimage"},"thumbnailUrl":"https:\/\/itsmybike.com\/wp-content\/uploads\/2024\/07\/451446897_1763928217474090_3419385603242165380_n.jpg","datePublished":"2024-08-06T08:57:34+00:00","dateModified":"2024-08-15T09:16:16+00:00","description":"Gestolen e-bike dankzij IT\u2019S MY BIKE in Polen teruggevonden.","breadcrumb":{"@id":"https:\/\/itsmybike.com\/nl\/fiets-in-beslag-genomen-in-polen-gps-tracker-spoort-dieven-op\/#breadcrumb"},"inLanguage":"nl-NL","potentialAction":[{"@type":"ReadAction","target":["https:\/\/itsmybike.com\/nl\/fiets-in-beslag-genomen-in-polen-gps-tracker-spoort-dieven-op\/"]}]},{"@type":"ImageObject","inLanguage":"nl-NL","@id":"https:\/\/itsmybike.com\/nl\/fiets-in-beslag-genomen-in-polen-gps-tracker-spoort-dieven-op\/#primaryimage","url":"https:\/\/itsmybike.com\/wp-content\/uploads\/2024\/07\/451446897_1763928217474090_3419385603242165380_n.jpg","contentUrl":"https:\/\/itsmybike.com\/wp-content\/uploads\/2024\/07\/451446897_1763928217474090_3419385603242165380_n.jpg","width":600,"height":400},{"@type":"BreadcrumbList","@id":"https:\/\/itsmybike.com\/nl\/fiets-in-beslag-genomen-in-polen-gps-tracker-spoort-dieven-op\/#breadcrumb","itemListElement":[{"@type":"ListItem","position":1,"name":"Startseite","item":"https:\/\/itsmybike.com\/nl\/"},{"@type":"ListItem","position":2,"name":"Fiets in beslag genomen in Polen: GPS-tracker spoort dieven op"}]},{"@type":"WebSite","@id":"https:\/\/itsmybike.com\/nl\/#website","url":"https:\/\/itsmybike.com\/nl\/","name":"IT&#039;S MY BIKE","description":"Track and Protect","publisher":{"@id":"https:\/\/itsmybike.com\/nl\/#organization"},"potentialAction":[{"@type":"SearchAction","target":{"@type":"EntryPoint","urlTemplate":"https:\/\/itsmybike.com\/nl\/?s={search_term_string}"},"query-input":{"@type":"PropertyValueSpecification","valueRequired":true,"valueName":"search_term_string"}}],"inLanguage":"nl-NL"},{"@type":"Organization","@id":"https:\/\/itsmybike.com\/nl\/#organization","name":"IT'S MY BIKE","url":"https:\/\/itsmybike.com\/nl\/","logo":{"@type":"ImageObject","inLanguage":"nl-NL","@id":"https:\/\/itsmybike.com\/nl\/#\/schema\/logo\/image\/","url":"https:\/\/itsmybike.com\/wp-content\/uploads\/2019\/05\/IMB_logo-@1x-1.png","contentUrl":"https:\/\/itsmybike.com\/wp-content\/uploads\/2019\/05\/IMB_logo-@1x-1.png","width":281,"height":140,"caption":"IT'S MY BIKE"},"image":{"@id":"https:\/\/itsmybike.com\/nl\/#\/schema\/logo\/image\/"},"sameAs":["https:\/\/www.facebook.com\/itsmybike.de\/","https:\/\/www.youtube.com\/watch?v=Dfj-yYhbvSE"]},{"@type":"Person","@id":"https:\/\/itsmybike.com\/nl\/#\/schema\/person\/38e5cf9442035c0365b7186a0ced8920","name":"Erja Veith","image":{"@type":"ImageObject","inLanguage":"nl-NL","@id":"https:\/\/secure.gravatar.com\/avatar\/f1caf2f274b7e1176a171c821d7b9ddc97ebc91967e61f88f251b557ae33d437?s=96&d=mm&r=g","url":"https:\/\/secure.gravatar.com\/avatar\/f1caf2f274b7e1176a171c821d7b9ddc97ebc91967e61f88f251b557ae33d437?s=96&d=mm&r=g","contentUrl":"https:\/\/secure.gravatar.com\/avatar\/f1caf2f274b7e1176a171c821d7b9ddc97ebc91967e61f88f251b557ae33d437?s=96&d=mm&r=g","caption":"Erja Veith"}}]}},"_links":{"self":[{"href":"https:\/\/itsmybike.com\/nl\/wp-json\/wp\/v2\/posts\/7935","targetHints":{"allow":["GET"]}}],"collection":[{"href":"https:\/\/itsmybike.com\/nl\/wp-json\/wp\/v2\/posts"}],"about":[{"href":"https:\/\/itsmybike.com\/nl\/wp-json\/wp\/v2\/types\/post"}],"author":[{"embeddable":true,"href":"https:\/\/itsmybike.com\/nl\/wp-json\/wp\/v2\/users\/11"}],"replies":[{"embeddable":true,"href":"https:\/\/itsmybike.com\/nl\/wp-json\/wp\/v2\/comments?post=7935"}],"version-history":[{"count":2,"href":"https:\/\/itsmybike.com\/nl\/wp-json\/wp\/v2\/posts\/7935\/revisions"}],"predecessor-version":[{"id":7937,"href":"https:\/\/itsmybike.com\/nl\/wp-json\/wp\/v2\/posts\/7935\/revisions\/7937"}],"wp:featuredmedia":[{"embeddable":true,"href":"https:\/\/itsmybike.com\/nl\/wp-json\/wp\/v2\/media\/7908"}],"wp:attachment":[{"href":"https:\/\/itsmybike.com\/nl\/wp-json\/wp\/v2\/media?parent=7935"}],"wp:term":[{"taxonomy":"category","embeddable":true,"href":"https:\/\/itsmybike.com\/nl\/wp-json\/wp\/v2\/categories?post=7935"},{"taxonomy":"post_tag","embeddable":true,"href":"https:\/\/itsmybike.com\/nl\/wp-json\/wp\/v2\/tags?post=7935"}],"curies":[{"name":"wp","href":"https:\/\/api.w.org\/{rel}","templated":true}]}}