{"id":8116,"date":"2024-11-14T09:00:42","date_gmt":"2024-11-14T08:00:42","guid":{"rendered":"https:\/\/itsmybike.com\/e-bike-binnen-een-maand-twee-keer-gestolen-in-tuebingen-daders-gepakt\/"},"modified":"2024-11-08T15:34:26","modified_gmt":"2024-11-08T14:34:26","slug":"e-bike-binnen-een-maand-twee-keer-gestolen-in-tuebingen-daders-gepakt","status":"publish","type":"post","link":"https:\/\/itsmybike.com\/nl\/e-bike-binnen-een-maand-twee-keer-gestolen-in-tuebingen-daders-gepakt\/","title":{"rendered":"E-bike binnen een maand twee keer gestolen in T\u00fcbingen &#8211; daders gepakt"},"content":{"rendered":"<div class=\"wpb-content-wrapper\"><p>[vc_row el_class=&#8221;blogpost-imb&#8221;][vc_column]<div id=\"ultimate-heading-375769f36c82aaabb\" class=\"uvc-heading ult-adjust-bottom-margin ultimate-heading-375769f36c82aaabb uvc-71 \" data-hspacer=\"no_spacer\"  data-halign=\"left\" style=\"text-align:left\"><div class=\"uvc-heading-spacer no_spacer\" style=\"top\"><\/div><div class=\"uvc-main-heading ult-responsive\"  data-ultimate-target='.uvc-heading.ultimate-heading-375769f36c82aaabb h2'  data-responsive-json-new='{\"font-size\":\"desktop:45px;tablet:40px;tablet_portrait:40px;mobile_landscape:30px;mobile:25px;\",\"line-height\":\"\"}' ><h2 style=\"--font-weight:theme;color:#fdc300;margin-bottom:30px;\">E-bike binnen een maand twee keer gestolen in T\u00fcbingen - daders gepakt<\/h2><\/div><\/div>[vc_column_text css=&#8221;.vc_custom_1731062973442{padding-bottom: 20px !important;}&#8221; el_class=&#8221;teaser-imb&#8221;]<\/p>\n<p style=\"font-weight: 400;\">In slechts \u00e9\u00e9n maand tijd vinden er in T\u00fcbingen twee fietsdiefstallen vlak na elkaar plaats. Begin september en begin oktober werd de e-bike van Caroline A.&#8217;s zoon gestolen. Maar de twee hebben geluk&#8230;<\/p>\n<p>[\/vc_column_text][vc_column_text css=&#8221;&#8221;]<\/p>\n<p style=\"font-weight: 400;\">De zoon van Caroline A. heeft zijn rode e-bike zogenaamd al twee dagen veilig op slot staan op het treinstation van T\u00fcbingen. Maar op 1 september opent een dief het slot op klaarlichte dag, onopgemerkt door het publiek. Rond half tien gaat de dief er met de gestolen goederen vandoor.<\/p>\n<p style=\"font-weight: 400;\">Haar zoon merkt de diefstal pas de volgende dag en meldt het meteen via de IT&#8217;S MY BIKE app. Ondertussen is de dief al met de gestolen fiets naar Reutlingen gereden, ongeveer 15 kilometer verderop, waar hij hem achterlaat bij het treinstation. De fietsjagers van IT&#8217;S MY BIKE kunnen de route van de dief volgen, maar kort daarna valt het contact met de GPS-tracker even weg.<\/p>\n<p style=\"font-weight: 400;\">Twee dagen na de diefstal ontvangen ze een nieuw signaal en de fiets meldt zich niet langer vanaf Reutlingen, maar weer vanaf het centraal station van T\u00fcbingen. De fietsjagers van IT&#8217;S MY BIKE informeren de lokale politie, die op haar beurt de federale politie informeert. Zij nemen de fiets in beslag en nemen een verdachte in hechtenis.<\/p>\n<p style=\"font-weight: 400;\">\u201cDe Bike Hunter hield me altijd op de hoogte. Hij schreef me altijd wanneer de fiets in beweging was of zelfs wanneer de federale politie bij de spoorweg was,\u201d zegt Caroline A.<\/p>\n<p style=\"font-weight: 400;\">Slechts een maand later, op 3 oktober, wordt de zoon van Caroline A opnieuw getroffen. Dit keer wordt zijn e-bike gestolen in het stadscentrum. Haar zoon merkt de diefstal midden in de nacht op. Samen melden ze de diefstal om 00:45 via de IT&#8217;S MY BIKE app. Opnieuw kunnen de fietsjagers de gestolen fiets nauwkeurig lokaliseren dankzij de GPS-tracker. De politie wordt op de hoogte gebracht en de agenten volgen het signaal. Opnieuw leidt het naar Reutlingen. Na een korte tussenstop besluit de dief de regionale trein terug naar T\u00fcbingen te nemen. Bij aankomst op het centraal station om 20.50 uur wordt hij gearresteerd en wordt de e-bike in beslag genomen.<\/p>\n<p style=\"font-weight: 400;\">Caroline A. weet het zeker: \u201cIk zou niet nog een e-bike kopen die echt regelmatig gebruikt wordt en ook geparkeerd staat op school, in de stad of op andere openbare plekken zonder ingebouwde tracker.\u201d<\/p>\n<p style=\"font-weight: 400;\">Afbeelding symbool: Adobe Stock<\/p>\n<p>[\/vc_column_text][\/vc_column][\/vc_row][vc_row][vc_column][vc_separator color=&#8221;custom&#8221; style=&#8221;dotted&#8221; css=&#8221;.vc_custom_1581002136101{padding-top: 100px !important;padding-bottom: 30px !important;}&#8221; accent_color=&#8221;#fdc300&#8243;][vc_column_text css=&#8221;.vc_custom_1605709596292{padding-bottom: 30px !important;}&#8221; el_class=&#8221;media-kontakt&#8221;]<a href=\"https:\/\/itsmybike.com\/nl\/team\/\">Naar het bedrijfsprofiel van IT\u2019S MY BIKE\u00a0<\/a><\/p>\n<p>[\/vc_column_text][\/vc_column][\/vc_row]<\/p>\n<\/div>","protected":false},"excerpt":{"rendered":"<p>Een geluk bij een ongeluk: in een maand tijd wordt in T\u00fcbingen twee keer dezelfde e-bike gestolen. Dankzij GPS-trackers en de fietsjagers van IT&#8217;S MY BIKE vindt de politie de fiets terug. En niet alleen dat &#8230;<\/p>\n","protected":false},"author":11,"featured_media":7580,"comment_status":"closed","ping_status":"open","sticky":false,"template":"","format":"standard","meta":{"inline_featured_image":false,"footnotes":""},"categories":[39],"tags":[],"class_list":["post-8116","post","type-post","status-publish","format-standard","has-post-thumbnail","hentry","category-succesverhalen","category-39","description-off"],"yoast_head":"<!-- This site is optimized with the Yoast SEO plugin v27.5 - https:\/\/yoast.com\/product\/yoast-seo-wordpress\/ -->\n<title>E-bike binnen een maand twee keer gestolen in T\u00fcbingen - daders gepakt &#8211; IT&#039;S MY BIKE<\/title>\n<meta name=\"description\" content=\"Een e-bike wordt binnen een maand twee keer achter elkaar gestolen in T\u00fcbingen. Maar de e-bike heeft een GPS-tracker van IT&#039;S MY BIKE.\" \/>\n<meta name=\"robots\" content=\"index, follow, max-snippet:-1, max-image-preview:large, max-video-preview:-1\" \/>\n<link rel=\"canonical\" href=\"https:\/\/itsmybike.com\/nl\/e-bike-binnen-een-maand-twee-keer-gestolen-in-tuebingen-daders-gepakt\/\" \/>\n<meta property=\"og:locale\" content=\"nl_NL\" \/>\n<meta property=\"og:type\" content=\"article\" \/>\n<meta property=\"og:title\" content=\"E-bike binnen een maand twee keer gestolen in T\u00fcbingen - daders gepakt &#8211; IT&#039;S MY BIKE\" \/>\n<meta property=\"og:description\" content=\"Een e-bike wordt binnen een maand twee keer achter elkaar gestolen in T\u00fcbingen. Maar de e-bike heeft een GPS-tracker van IT&#039;S MY BIKE.\" \/>\n<meta property=\"og:url\" content=\"https:\/\/itsmybike.com\/nl\/e-bike-binnen-een-maand-twee-keer-gestolen-in-tuebingen-daders-gepakt\/\" \/>\n<meta property=\"og:site_name\" content=\"IT&#039;S MY BIKE\" \/>\n<meta property=\"article:publisher\" content=\"https:\/\/www.facebook.com\/itsmybike.de\/\" \/>\n<meta property=\"article:published_time\" content=\"2024-11-14T08:00:42+00:00\" \/>\n<meta property=\"og:image\" content=\"https:\/\/itsmybike.com\/wp-content\/uploads\/2024\/01\/418733251_1837891516643356_6723229929307642259_n.jpg\" \/>\n\t<meta property=\"og:image:width\" content=\"600\" \/>\n\t<meta property=\"og:image:height\" content=\"400\" \/>\n\t<meta property=\"og:image:type\" content=\"image\/jpeg\" \/>\n<meta name=\"author\" content=\"Erja Veith\" \/>\n<meta name=\"twitter:card\" content=\"summary_large_image\" \/>\n<meta name=\"twitter:label1\" content=\"Geschreven door\" \/>\n\t<meta name=\"twitter:data1\" content=\"Erja Veith\" \/>\n\t<meta name=\"twitter:label2\" content=\"Geschatte leestijd\" \/>\n\t<meta name=\"twitter:data2\" content=\"3 minuten\" \/>\n<script type=\"application\/ld+json\" class=\"yoast-schema-graph\">{\"@context\":\"https:\\\/\\\/schema.org\",\"@graph\":[{\"@type\":\"Article\",\"@id\":\"https:\\\/\\\/itsmybike.com\\\/nl\\\/e-bike-binnen-een-maand-twee-keer-gestolen-in-tuebingen-daders-gepakt\\\/#article\",\"isPartOf\":{\"@id\":\"https:\\\/\\\/itsmybike.com\\\/nl\\\/e-bike-binnen-een-maand-twee-keer-gestolen-in-tuebingen-daders-gepakt\\\/\"},\"author\":{\"name\":\"Erja Veith\",\"@id\":\"https:\\\/\\\/itsmybike.com\\\/nl\\\/#\\\/schema\\\/person\\\/38e5cf9442035c0365b7186a0ced8920\"},\"headline\":\"E-bike binnen een maand twee keer gestolen in T\u00fcbingen &#8211; daders gepakt\",\"datePublished\":\"2024-11-14T08:00:42+00:00\",\"mainEntityOfPage\":{\"@id\":\"https:\\\/\\\/itsmybike.com\\\/nl\\\/e-bike-binnen-een-maand-twee-keer-gestolen-in-tuebingen-daders-gepakt\\\/\"},\"wordCount\":540,\"publisher\":{\"@id\":\"https:\\\/\\\/itsmybike.com\\\/nl\\\/#organization\"},\"image\":{\"@id\":\"https:\\\/\\\/itsmybike.com\\\/nl\\\/e-bike-binnen-een-maand-twee-keer-gestolen-in-tuebingen-daders-gepakt\\\/#primaryimage\"},\"thumbnailUrl\":\"https:\\\/\\\/itsmybike.com\\\/wp-content\\\/uploads\\\/2024\\\/01\\\/418733251_1837891516643356_6723229929307642259_n.jpg\",\"articleSection\":[\"Succesverhalen\"],\"inLanguage\":\"nl-NL\"},{\"@type\":\"WebPage\",\"@id\":\"https:\\\/\\\/itsmybike.com\\\/nl\\\/e-bike-binnen-een-maand-twee-keer-gestolen-in-tuebingen-daders-gepakt\\\/\",\"url\":\"https:\\\/\\\/itsmybike.com\\\/nl\\\/e-bike-binnen-een-maand-twee-keer-gestolen-in-tuebingen-daders-gepakt\\\/\",\"name\":\"E-bike binnen een maand twee keer gestolen in T\u00fcbingen - daders gepakt &#8211; IT&#039;S MY BIKE\",\"isPartOf\":{\"@id\":\"https:\\\/\\\/itsmybike.com\\\/nl\\\/#website\"},\"primaryImageOfPage\":{\"@id\":\"https:\\\/\\\/itsmybike.com\\\/nl\\\/e-bike-binnen-een-maand-twee-keer-gestolen-in-tuebingen-daders-gepakt\\\/#primaryimage\"},\"image\":{\"@id\":\"https:\\\/\\\/itsmybike.com\\\/nl\\\/e-bike-binnen-een-maand-twee-keer-gestolen-in-tuebingen-daders-gepakt\\\/#primaryimage\"},\"thumbnailUrl\":\"https:\\\/\\\/itsmybike.com\\\/wp-content\\\/uploads\\\/2024\\\/01\\\/418733251_1837891516643356_6723229929307642259_n.jpg\",\"datePublished\":\"2024-11-14T08:00:42+00:00\",\"description\":\"Een e-bike wordt binnen een maand twee keer achter elkaar gestolen in T\u00fcbingen. Maar de e-bike heeft een GPS-tracker van IT'S MY BIKE.\",\"breadcrumb\":{\"@id\":\"https:\\\/\\\/itsmybike.com\\\/nl\\\/e-bike-binnen-een-maand-twee-keer-gestolen-in-tuebingen-daders-gepakt\\\/#breadcrumb\"},\"inLanguage\":\"nl-NL\",\"potentialAction\":[{\"@type\":\"ReadAction\",\"target\":[\"https:\\\/\\\/itsmybike.com\\\/nl\\\/e-bike-binnen-een-maand-twee-keer-gestolen-in-tuebingen-daders-gepakt\\\/\"]}]},{\"@type\":\"ImageObject\",\"inLanguage\":\"nl-NL\",\"@id\":\"https:\\\/\\\/itsmybike.com\\\/nl\\\/e-bike-binnen-een-maand-twee-keer-gestolen-in-tuebingen-daders-gepakt\\\/#primaryimage\",\"url\":\"https:\\\/\\\/itsmybike.com\\\/wp-content\\\/uploads\\\/2024\\\/01\\\/418733251_1837891516643356_6723229929307642259_n.jpg\",\"contentUrl\":\"https:\\\/\\\/itsmybike.com\\\/wp-content\\\/uploads\\\/2024\\\/01\\\/418733251_1837891516643356_6723229929307642259_n.jpg\",\"width\":600,\"height\":400,\"caption\":\"Fahrraddieb mit Zange\"},{\"@type\":\"BreadcrumbList\",\"@id\":\"https:\\\/\\\/itsmybike.com\\\/nl\\\/e-bike-binnen-een-maand-twee-keer-gestolen-in-tuebingen-daders-gepakt\\\/#breadcrumb\",\"itemListElement\":[{\"@type\":\"ListItem\",\"position\":1,\"name\":\"Startseite\",\"item\":\"https:\\\/\\\/itsmybike.com\\\/nl\\\/\"},{\"@type\":\"ListItem\",\"position\":2,\"name\":\"E-bike binnen een maand twee keer gestolen in T\u00fcbingen &#8211; daders gepakt\"}]},{\"@type\":\"WebSite\",\"@id\":\"https:\\\/\\\/itsmybike.com\\\/nl\\\/#website\",\"url\":\"https:\\\/\\\/itsmybike.com\\\/nl\\\/\",\"name\":\"IT&#039;S MY BIKE\",\"description\":\"Track and Protect\",\"publisher\":{\"@id\":\"https:\\\/\\\/itsmybike.com\\\/nl\\\/#organization\"},\"potentialAction\":[{\"@type\":\"SearchAction\",\"target\":{\"@type\":\"EntryPoint\",\"urlTemplate\":\"https:\\\/\\\/itsmybike.com\\\/nl\\\/?s={search_term_string}\"},\"query-input\":{\"@type\":\"PropertyValueSpecification\",\"valueRequired\":true,\"valueName\":\"search_term_string\"}}],\"inLanguage\":\"nl-NL\"},{\"@type\":\"Organization\",\"@id\":\"https:\\\/\\\/itsmybike.com\\\/nl\\\/#organization\",\"name\":\"IT'S MY BIKE\",\"url\":\"https:\\\/\\\/itsmybike.com\\\/nl\\\/\",\"logo\":{\"@type\":\"ImageObject\",\"inLanguage\":\"nl-NL\",\"@id\":\"https:\\\/\\\/itsmybike.com\\\/nl\\\/#\\\/schema\\\/logo\\\/image\\\/\",\"url\":\"https:\\\/\\\/itsmybike.com\\\/wp-content\\\/uploads\\\/2019\\\/05\\\/IMB_logo-@1x-1.png\",\"contentUrl\":\"https:\\\/\\\/itsmybike.com\\\/wp-content\\\/uploads\\\/2019\\\/05\\\/IMB_logo-@1x-1.png\",\"width\":281,\"height\":140,\"caption\":\"IT'S MY BIKE\"},\"image\":{\"@id\":\"https:\\\/\\\/itsmybike.com\\\/nl\\\/#\\\/schema\\\/logo\\\/image\\\/\"},\"sameAs\":[\"https:\\\/\\\/www.facebook.com\\\/itsmybike.de\\\/\",\"https:\\\/\\\/www.youtube.com\\\/watch?v=Dfj-yYhbvSE\"]},{\"@type\":\"Person\",\"@id\":\"https:\\\/\\\/itsmybike.com\\\/nl\\\/#\\\/schema\\\/person\\\/38e5cf9442035c0365b7186a0ced8920\",\"name\":\"Erja Veith\",\"image\":{\"@type\":\"ImageObject\",\"inLanguage\":\"nl-NL\",\"@id\":\"https:\\\/\\\/secure.gravatar.com\\\/avatar\\\/f1caf2f274b7e1176a171c821d7b9ddc97ebc91967e61f88f251b557ae33d437?s=96&d=mm&r=g\",\"url\":\"https:\\\/\\\/secure.gravatar.com\\\/avatar\\\/f1caf2f274b7e1176a171c821d7b9ddc97ebc91967e61f88f251b557ae33d437?s=96&d=mm&r=g\",\"contentUrl\":\"https:\\\/\\\/secure.gravatar.com\\\/avatar\\\/f1caf2f274b7e1176a171c821d7b9ddc97ebc91967e61f88f251b557ae33d437?s=96&d=mm&r=g\",\"caption\":\"Erja Veith\"}}]}<\/script>\n<!-- \/ Yoast SEO plugin. -->","yoast_head_json":{"title":"E-bike binnen een maand twee keer gestolen in T\u00fcbingen - daders gepakt &#8211; IT&#039;S MY BIKE","description":"Een e-bike wordt binnen een maand twee keer achter elkaar gestolen in T\u00fcbingen. Maar de e-bike heeft een GPS-tracker van IT'S MY BIKE.","robots":{"index":"index","follow":"follow","max-snippet":"max-snippet:-1","max-image-preview":"max-image-preview:large","max-video-preview":"max-video-preview:-1"},"canonical":"https:\/\/itsmybike.com\/nl\/e-bike-binnen-een-maand-twee-keer-gestolen-in-tuebingen-daders-gepakt\/","og_locale":"nl_NL","og_type":"article","og_title":"E-bike binnen een maand twee keer gestolen in T\u00fcbingen - daders gepakt &#8211; IT&#039;S MY BIKE","og_description":"Een e-bike wordt binnen een maand twee keer achter elkaar gestolen in T\u00fcbingen. Maar de e-bike heeft een GPS-tracker van IT'S MY BIKE.","og_url":"https:\/\/itsmybike.com\/nl\/e-bike-binnen-een-maand-twee-keer-gestolen-in-tuebingen-daders-gepakt\/","og_site_name":"IT&#039;S MY BIKE","article_publisher":"https:\/\/www.facebook.com\/itsmybike.de\/","article_published_time":"2024-11-14T08:00:42+00:00","og_image":[{"width":600,"height":400,"url":"https:\/\/itsmybike.com\/wp-content\/uploads\/2024\/01\/418733251_1837891516643356_6723229929307642259_n.jpg","type":"image\/jpeg"}],"author":"Erja Veith","twitter_card":"summary_large_image","twitter_misc":{"Geschreven door":"Erja Veith","Geschatte leestijd":"3 minuten"},"schema":{"@context":"https:\/\/schema.org","@graph":[{"@type":"Article","@id":"https:\/\/itsmybike.com\/nl\/e-bike-binnen-een-maand-twee-keer-gestolen-in-tuebingen-daders-gepakt\/#article","isPartOf":{"@id":"https:\/\/itsmybike.com\/nl\/e-bike-binnen-een-maand-twee-keer-gestolen-in-tuebingen-daders-gepakt\/"},"author":{"name":"Erja Veith","@id":"https:\/\/itsmybike.com\/nl\/#\/schema\/person\/38e5cf9442035c0365b7186a0ced8920"},"headline":"E-bike binnen een maand twee keer gestolen in T\u00fcbingen &#8211; daders gepakt","datePublished":"2024-11-14T08:00:42+00:00","mainEntityOfPage":{"@id":"https:\/\/itsmybike.com\/nl\/e-bike-binnen-een-maand-twee-keer-gestolen-in-tuebingen-daders-gepakt\/"},"wordCount":540,"publisher":{"@id":"https:\/\/itsmybike.com\/nl\/#organization"},"image":{"@id":"https:\/\/itsmybike.com\/nl\/e-bike-binnen-een-maand-twee-keer-gestolen-in-tuebingen-daders-gepakt\/#primaryimage"},"thumbnailUrl":"https:\/\/itsmybike.com\/wp-content\/uploads\/2024\/01\/418733251_1837891516643356_6723229929307642259_n.jpg","articleSection":["Succesverhalen"],"inLanguage":"nl-NL"},{"@type":"WebPage","@id":"https:\/\/itsmybike.com\/nl\/e-bike-binnen-een-maand-twee-keer-gestolen-in-tuebingen-daders-gepakt\/","url":"https:\/\/itsmybike.com\/nl\/e-bike-binnen-een-maand-twee-keer-gestolen-in-tuebingen-daders-gepakt\/","name":"E-bike binnen een maand twee keer gestolen in T\u00fcbingen - daders gepakt &#8211; IT&#039;S MY BIKE","isPartOf":{"@id":"https:\/\/itsmybike.com\/nl\/#website"},"primaryImageOfPage":{"@id":"https:\/\/itsmybike.com\/nl\/e-bike-binnen-een-maand-twee-keer-gestolen-in-tuebingen-daders-gepakt\/#primaryimage"},"image":{"@id":"https:\/\/itsmybike.com\/nl\/e-bike-binnen-een-maand-twee-keer-gestolen-in-tuebingen-daders-gepakt\/#primaryimage"},"thumbnailUrl":"https:\/\/itsmybike.com\/wp-content\/uploads\/2024\/01\/418733251_1837891516643356_6723229929307642259_n.jpg","datePublished":"2024-11-14T08:00:42+00:00","description":"Een e-bike wordt binnen een maand twee keer achter elkaar gestolen in T\u00fcbingen. Maar de e-bike heeft een GPS-tracker van IT'S MY BIKE.","breadcrumb":{"@id":"https:\/\/itsmybike.com\/nl\/e-bike-binnen-een-maand-twee-keer-gestolen-in-tuebingen-daders-gepakt\/#breadcrumb"},"inLanguage":"nl-NL","potentialAction":[{"@type":"ReadAction","target":["https:\/\/itsmybike.com\/nl\/e-bike-binnen-een-maand-twee-keer-gestolen-in-tuebingen-daders-gepakt\/"]}]},{"@type":"ImageObject","inLanguage":"nl-NL","@id":"https:\/\/itsmybike.com\/nl\/e-bike-binnen-een-maand-twee-keer-gestolen-in-tuebingen-daders-gepakt\/#primaryimage","url":"https:\/\/itsmybike.com\/wp-content\/uploads\/2024\/01\/418733251_1837891516643356_6723229929307642259_n.jpg","contentUrl":"https:\/\/itsmybike.com\/wp-content\/uploads\/2024\/01\/418733251_1837891516643356_6723229929307642259_n.jpg","width":600,"height":400,"caption":"Fahrraddieb mit Zange"},{"@type":"BreadcrumbList","@id":"https:\/\/itsmybike.com\/nl\/e-bike-binnen-een-maand-twee-keer-gestolen-in-tuebingen-daders-gepakt\/#breadcrumb","itemListElement":[{"@type":"ListItem","position":1,"name":"Startseite","item":"https:\/\/itsmybike.com\/nl\/"},{"@type":"ListItem","position":2,"name":"E-bike binnen een maand twee keer gestolen in T\u00fcbingen &#8211; daders gepakt"}]},{"@type":"WebSite","@id":"https:\/\/itsmybike.com\/nl\/#website","url":"https:\/\/itsmybike.com\/nl\/","name":"IT&#039;S MY BIKE","description":"Track and Protect","publisher":{"@id":"https:\/\/itsmybike.com\/nl\/#organization"},"potentialAction":[{"@type":"SearchAction","target":{"@type":"EntryPoint","urlTemplate":"https:\/\/itsmybike.com\/nl\/?s={search_term_string}"},"query-input":{"@type":"PropertyValueSpecification","valueRequired":true,"valueName":"search_term_string"}}],"inLanguage":"nl-NL"},{"@type":"Organization","@id":"https:\/\/itsmybike.com\/nl\/#organization","name":"IT'S MY BIKE","url":"https:\/\/itsmybike.com\/nl\/","logo":{"@type":"ImageObject","inLanguage":"nl-NL","@id":"https:\/\/itsmybike.com\/nl\/#\/schema\/logo\/image\/","url":"https:\/\/itsmybike.com\/wp-content\/uploads\/2019\/05\/IMB_logo-@1x-1.png","contentUrl":"https:\/\/itsmybike.com\/wp-content\/uploads\/2019\/05\/IMB_logo-@1x-1.png","width":281,"height":140,"caption":"IT'S MY BIKE"},"image":{"@id":"https:\/\/itsmybike.com\/nl\/#\/schema\/logo\/image\/"},"sameAs":["https:\/\/www.facebook.com\/itsmybike.de\/","https:\/\/www.youtube.com\/watch?v=Dfj-yYhbvSE"]},{"@type":"Person","@id":"https:\/\/itsmybike.com\/nl\/#\/schema\/person\/38e5cf9442035c0365b7186a0ced8920","name":"Erja Veith","image":{"@type":"ImageObject","inLanguage":"nl-NL","@id":"https:\/\/secure.gravatar.com\/avatar\/f1caf2f274b7e1176a171c821d7b9ddc97ebc91967e61f88f251b557ae33d437?s=96&d=mm&r=g","url":"https:\/\/secure.gravatar.com\/avatar\/f1caf2f274b7e1176a171c821d7b9ddc97ebc91967e61f88f251b557ae33d437?s=96&d=mm&r=g","contentUrl":"https:\/\/secure.gravatar.com\/avatar\/f1caf2f274b7e1176a171c821d7b9ddc97ebc91967e61f88f251b557ae33d437?s=96&d=mm&r=g","caption":"Erja Veith"}}]}},"_links":{"self":[{"href":"https:\/\/itsmybike.com\/nl\/wp-json\/wp\/v2\/posts\/8116","targetHints":{"allow":["GET"]}}],"collection":[{"href":"https:\/\/itsmybike.com\/nl\/wp-json\/wp\/v2\/posts"}],"about":[{"href":"https:\/\/itsmybike.com\/nl\/wp-json\/wp\/v2\/types\/post"}],"author":[{"embeddable":true,"href":"https:\/\/itsmybike.com\/nl\/wp-json\/wp\/v2\/users\/11"}],"replies":[{"embeddable":true,"href":"https:\/\/itsmybike.com\/nl\/wp-json\/wp\/v2\/comments?post=8116"}],"version-history":[{"count":3,"href":"https:\/\/itsmybike.com\/nl\/wp-json\/wp\/v2\/posts\/8116\/revisions"}],"predecessor-version":[{"id":8119,"href":"https:\/\/itsmybike.com\/nl\/wp-json\/wp\/v2\/posts\/8116\/revisions\/8119"}],"wp:featuredmedia":[{"embeddable":true,"href":"https:\/\/itsmybike.com\/nl\/wp-json\/wp\/v2\/media\/7580"}],"wp:attachment":[{"href":"https:\/\/itsmybike.com\/nl\/wp-json\/wp\/v2\/media?parent=8116"}],"wp:term":[{"taxonomy":"category","embeddable":true,"href":"https:\/\/itsmybike.com\/nl\/wp-json\/wp\/v2\/categories?post=8116"},{"taxonomy":"post_tag","embeddable":true,"href":"https:\/\/itsmybike.com\/nl\/wp-json\/wp\/v2\/tags?post=8116"}],"curies":[{"name":"wp","href":"https:\/\/api.w.org\/{rel}","templated":true}]}}